{"id":2829,"date":"2024-12-24T04:15:40","date_gmt":"2024-12-24T03:15:40","guid":{"rendered":"https:\/\/www.test-sindet.org\/blog\/autisme\/er-jeg-autist\/"},"modified":"2024-12-27T11:28:47","modified_gmt":"2024-12-27T10:28:47","slug":"er-jeg-autist","status":"publish","type":"post","link":"https:\/\/www.test-sindet.org\/blog\/autisme\/er-jeg-autist\/","title":{"rendered":"Er jeg autist?"},"content":{"rendered":"<div class=\"topics\">\n<div class=\"topic\">\n<h2>Hvad er autisme, og hvordan p\u00e5virker det en person?<\/h2>\n<p>Autisme er en neurologisk udviklingsforstyrrelse, der p\u00e5virker en persons evne til at kommunikere, socialisere og forst\u00e5 verden omkring dem. Det er en livslang tilstand, der p\u00e5virker en persons adf\u00e6rd, f\u00f8lelser og m\u00e5de at t\u00e6nke p\u00e5.<\/p>\n<p>Mennesker med autisme har ofte sv\u00e6rt ved at forst\u00e5 og tolke sociale signaler og nonverbale kommunikationstegn, s\u00e5som kropssprog og ansigtsudtryk. De kan ogs\u00e5 have sv\u00e6rt ved at forst\u00e5 og udtrykke f\u00f8lelser p\u00e5 en passende m\u00e5de. Dette kan f\u00f8re til udfordringer i sociale situationer og forhold til andre mennesker.<\/p>\n<p>Autisme kan ogs\u00e5 p\u00e5virke en persons evne til at kommunikere effektivt. Nogle mennesker med autisme kan have begr\u00e6nsede eller gentagende sprogm\u00f8nstre, mens andre kan have sv\u00e6rt ved at forst\u00e5 og bruge sprog i en social sammenh\u00e6ng. Dette kan f\u00f8re til kommunikationsvanskeligheder og misforst\u00e5elser, hvilket kan v\u00e6re frustrerende for b\u00e5de personen med autisme og deres omgivelser.<\/p>\n<p>En anden udfordring for personer med autisme er deres tendens til at have begr\u00e6nset og gentagende adf\u00e6rdsm\u00f8nstre. Dette kan omfatte en st\u00e6rk interesse for specifikke emner eller aktiviteter, samt behovet for rutiner og struktur i deres daglige liv. \u00c6ndringer i rutiner eller milj\u00f8 kan v\u00e6re meget vanskelige for personer med autisme at h\u00e5ndtere, og kan f\u00f8re til angst og stress.<\/p>\n<p>Autisme kan ogs\u00e5 p\u00e5virke en persons sensoriske oplevelser. Nogle mennesker med autisme kan v\u00e6re overf\u00f8lsomme over for visse lyde, lugte, teksturer eller lys, hvilket kan v\u00e6re overv\u00e6ldende og forstyrrende for dem. Dette kan ogs\u00e5 p\u00e5virke deres evne til at fokusere og deltage i aktiviteter.<\/p>\n<p>Det er vigtigt at forst\u00e5, at autisme er en bred spektrumforstyrrelse, hvilket betyder, at den p\u00e5virker mennesker p\u00e5 forskellige m\u00e5der og i forskellige grader. Nogle mennesker med autisme kan have en h\u00f8j intelligens og v\u00e6re i stand til at leve uafh\u00e6ngigt, mens andre kan have brug for mere st\u00f8tte og hj\u00e6lp i deres daglige liv.<\/p>\n<p>Selvom autisme er en livslang tilstand, kan tidlig intervention og st\u00f8tte hj\u00e6lpe personer med autisme med at udvikle deres kommunikations- og sociale f\u00e6rdigheder, samt l\u00e6re at h\u00e5ndtere deres udfordringer p\u00e5 en mere effektiv m\u00e5de. Det er ogs\u00e5 vigtigt at skabe et inkluderende og forst\u00e5ende samfund, der accepterer og st\u00f8tter personer med autisme i deres<\/p>\n<\/div>\n<div class=\"topic\">\n<h2>Hvordan kan man f\u00e5 en diagnose for autisme?<\/h2>\n<p>Autisme er en kompleks neurologisk tilstand, der p\u00e5virker en persons evne til at kommunikere, socialisere og forst\u00e5 verden omkring dem. Det er en livslang tilstand, der p\u00e5virker hver person p\u00e5 forskellige m\u00e5der og i forskellige grader. Derfor er det vigtigt at f\u00e5 en korrekt diagnose, s\u00e5 man kan f\u00e5 den rette st\u00f8tte og behandling.<\/p>\n<p>Der er ikke en enkelt test, der kan diagnosticere autisme. I stedet er diagnosen baseret p\u00e5 en grundig vurdering af en persons adf\u00e6rd, udvikling og kommunikationsevner. Det er en proces, der involverer flere fagfolk og kan tage tid.<\/p>\n<p>Den f\u00f8rste person, man typisk vil kontakte for at f\u00e5 en diagnose, er ens egen l\u00e6ge. L\u00e6gen vil foretage en indledende vurdering og henvise personen til en specialist, s\u00e5som en psykiater eller en psykolog, der har erfaring med at diagnosticere autisme.<\/p>\n<p>Specialisten vil derefter foretage en grundig vurdering ved hj\u00e6lp af forskellige metoder, s\u00e5som observationer, interviews og standardiserede tests. De vil ogs\u00e5 indhente information fra personens familie og eventuelle andre fagfolk, der arbejder med personen, s\u00e5som l\u00e6rere eller terapeuter.<\/p>\n<p>En vigtig del af diagnosen er at udelukke andre tilstande, der kan have lignende symptomer som autisme. Derfor vil specialisten ogs\u00e5 unders\u00f8ge for andre neurologiske tilstande, s\u00e5som ADHD eller intellektuelle handicap.<\/p>\n<p>Efter vurderingen vil specialisten s\u00e5 stille en diagnose baseret p\u00e5 de kriterier, der er fastsat i diagnosemanualen DSM-5 (Diagnostic and Statistical Manual of Mental Disorders). For at f\u00e5 en diagnose for autisme skal personen opfylde visse kriterier inden for omr\u00e5der som social interaktion, kommunikation og adf\u00e6rdsm\u00f8nstre.<\/p>\n<p>Det er vigtigt at bem\u00e6rke, at diagnosen autisme kan \u00e6ndre sig over tid, da symptomerne kan variere og udvikle sig. Derfor er det vigtigt at f\u00e5 regelm\u00e6ssige opf\u00f8lgende vurderinger for at sikre, at diagnosen stadig er korrekt.<\/p>\n<p>Det kan v\u00e6re en udfordrende og f\u00f8lelsesm\u00e6ssig proces at f\u00e5 en diagnose for autisme, b\u00e5de for personen selv og deres p\u00e5r\u00f8rende. Derfor er det vigtigt at s\u00f8ge st\u00f8tte og r\u00e5dgivning fra fagfolk og organisationer, der kan hj\u00e6lpe med at forst\u00e5 og h\u00e5ndtere diagnosen.<\/p>\n<p>I Danmark er der flere organisationer, der tilbyder st\u00f8tte og r\u00e5dgivning til personer med autisme og deres p\u00e5r\u00f8rende, s\u00e5som Autismeforeningen og Landsforeningen Autisme. Derudover er der ogs\u00e5 mulighed for at f\u00e5 tilskud til behandling og st\u00f8tte fra kommunen.<\/p>\n<p>I sidste ende er det vigt<\/p>\n<\/div>\n<div class=\"topic\">\n<h2>Hvordan kan man st\u00f8tte og hj\u00e6lpe en person med autisme?<\/h2>\n<p>Autisme er en neurologisk udviklingsforstyrrelse, der p\u00e5virker en persons evne til at kommunikere, socialisere og forst\u00e5 verden omkring dem. Det kan v\u00e6re en udfordring for personer med autisme at navigere i hverdagen, og derfor er det vigtigt at vide, hvordan man bedst kan st\u00f8tte og hj\u00e6lpe dem.<\/p>\n<p>Den bedste m\u00e5de at st\u00f8tte en person med autisme p\u00e5 er at have en forst\u00e5else for deres individuelle behov og udfordringer. Det er vigtigt at huske, at autisme er en spektrumforstyrrelse, hvilket betyder, at symptomer og sv\u00e6rhedsgrad kan variere fra person til person. Derfor er det vigtigt at v\u00e6re lydh\u00f8r og fleksibel i sin tilgang til at hj\u00e6lpe en person med autisme.<\/p>\n<p>En af de vigtigste m\u00e5der at st\u00f8tte en person med autisme p\u00e5 er at skabe en struktureret og forudsigelig hverdag. Personer med autisme har ofte brug for rutiner og forudsigelighed for at f\u00f8le sig trygge og komfortable. Det kan v\u00e6re en god id\u00e9 at lave en visuel tidsplan eller kalender, s\u00e5 personen ved, hvad der skal ske i l\u00f8bet af dagen. Det kan ogs\u00e5 v\u00e6re en god id\u00e9 at undg\u00e5 pludselige \u00e6ndringer i rutiner, da det kan v\u00e6re overv\u00e6ldende for en person med autisme.<\/p>\n<p>Kommunikation er ogs\u00e5 en vigtig faktor i at st\u00f8tte en person med autisme. Det er vigtigt at v\u00e6re klar og tydelig i sin kommunikation og undg\u00e5 dobbelttydigheder eller ironi. Det kan ogs\u00e5 v\u00e6re en god id\u00e9 at bruge visuelle hj\u00e6lpemidler som billeder eller tegn for at underst\u00f8tte kommunikationen. Det er ogs\u00e5 vigtigt at give personen tid til at forst\u00e5 og reagere p\u00e5 det, der bliver sagt, da personer med autisme ofte har brug for lidt ekstra tid til at bearbejde information.<\/p>\n<p>En anden m\u00e5de at st\u00f8tte en person med autisme p\u00e5 er at skabe et trygt og roligt milj\u00f8. Personer med autisme kan v\u00e6re f\u00f8lsomme over for lys, lyde og ber\u00f8ring, s\u00e5 det er vigtigt at tage hensyn til dette. Det kan v\u00e6re en god id\u00e9 at undg\u00e5 st\u00e6rkt lys eller h\u00f8je lyde, og det kan ogs\u00e5 v\u00e6re en god id\u00e9 at give personen mulighed for at tr\u00e6kke sig tilbage til et roligt sted, hvis de f\u00f8ler sig overstimulerede.<\/p>\n<p>Det er ogs\u00e5 vigtigt at v\u00e6re opm\u00e6rksom p\u00e5 personens interesser og styrker. Mange personer med autisme har en s\u00e6rlig interesse eller talent, som de br\u00e6nder for. Det er vigtigt at st\u00f8tte og opmuntre disse interesser, da det kan v\u00e6re en kilde til gl\u00e6de og selvtill<\/p>\n<\/div>\n<div class=\"topic\">\n<h2>Hvordan kan man forst\u00e5 og kommunikere bedre med en person med autisme?<\/h2>\n<p>Autisme er en neurologisk udviklingsforstyrrelse, der p\u00e5virker en persons evne til at kommunikere og interagere med andre. Det kan v\u00e6re en udfordring for personer med autisme at forst\u00e5 og udtrykke sig p\u00e5 samme m\u00e5de som andre mennesker. Derfor er det vigtigt at forst\u00e5, hvordan man bedst kan kommunikere med en person med autisme for at skabe en bedre forst\u00e5else og forbindelse.<\/p>\n<p>1. V\u00e6r opm\u00e6rksom p\u00e5 kommunikationsstil<br \/>\nPersoner med autisme kan have forskellige kommunikationsstile, og det er vigtigt at v\u00e6re opm\u00e6rksom p\u00e5 dette. Nogle kan have sv\u00e6rt ved at forst\u00e5 nonverbale signaler som kropssprog og ansigtsudtryk, mens andre kan have sv\u00e6rt ved at forst\u00e5 sarkasme og ironi. Det er derfor vigtigt at v\u00e6re tydelig og direkte i sin kommunikation og undg\u00e5 at bruge for mange metaforer eller dobbelttydige udsagn.<\/p>\n<p>2. Brug visuelle hj\u00e6lpemidler<br \/>\nMange personer med autisme er visuelle t\u00e6nkere og kan have lettere ved at forst\u00e5 information, hvis den pr\u00e6senteres visuelt. Dette kan v\u00e6re i form af billeder, tegninger eller symboler. Det kan ogs\u00e5 v\u00e6re en god id\u00e9 at bruge visuelle tidsplaner eller rutiner, s\u00e5 personen ved, hvad der skal ske, og hvorn\u00e5r det skal ske.<\/p>\n<p>3. V\u00e6r t\u00e5lmodig og lyt aktivt<br \/>\nPersoner med autisme kan have brug for mere tid til at forst\u00e5 og reagere p\u00e5 information. Det er derfor vigtigt at v\u00e6re t\u00e5lmodig og give dem den tid, de har brug for. Det er ogs\u00e5 vigtigt at lytte aktivt og vise interesse for det, de siger. Det kan v\u00e6re en god id\u00e9 at gentage eller omformulere det, de siger, for at sikre, at man har forst\u00e5et korrekt.<\/p>\n<p>4. Respekter personens gr\u00e6nser<br \/>\nPersoner med autisme kan have forskellige gr\u00e6nser og behov for personlig plads. Det er vigtigt at respektere disse gr\u00e6nser og undg\u00e5 at presse personen til at g\u00f8re noget, de ikke er komfortable med. Det kan ogs\u00e5 v\u00e6re en god id\u00e9 at sp\u00f8rge om tilladelse, f\u00f8r man r\u00f8rer ved personen eller g\u00e5r ind i deres personlige rum.<\/p>\n<p>5. V\u00e6r opm\u00e6rksom p\u00e5 sensoriske udfordringer<br \/>\nMange personer med autisme kan have sensoriske udfordringer, hvor visse lyde, lugte eller ber\u00f8ringer kan v\u00e6re overv\u00e6ldende eller ubehagelige for dem. Det er vigtigt at v\u00e6re opm\u00e6rksom p\u00e5 dette og undg\u00e5 at uds\u00e6tte personen for disse udfordringer, hvis det er muligt. Det kan ogs\u00e5 v\u00e6re en god id\u00e9 at sp\u00f8rge personen, hvad der generer dem,<\/p>\n<\/div>\n<div class=\"topic\">\n<h2>Hvordan kan man skabe et inkluderende samfund for personer med autisme?<\/h2>\n<p>Autisme er en neurologisk udviklingsforstyrrelse, der p\u00e5virker en persons evne til at kommunikere, socialisere og forst\u00e5 verden omkring dem. Det er en tilstand, der p\u00e5virker en persons liv p\u00e5 mange forskellige m\u00e5der, og det er derfor vigtigt at skabe et inkluderende samfund for personer med autisme.<\/p>\n<p>Det f\u00f8rste skridt i at skabe et inkluderende samfund for personer med autisme er at \u00f8ge bevidstheden om tilstanden. Mange mennesker har en begr\u00e6nset forst\u00e5else af, hvad autisme er, og hvordan det p\u00e5virker en person. Derfor er det vigtigt at uddanne samfundet om autisme og fjerne de mange misforst\u00e5elser, der er omkring tilstanden. Dette kan g\u00f8res gennem kampagner, informationsmateriale og undervisning i skoler og arbejdspladser.<\/p>\n<p>Et andet vigtigt skridt er at skabe et milj\u00f8, der er tilpasset personer med autisme. Mange personer med autisme har udfordringer med sensorisk overbelastning, hvilket betyder, at de kan have sv\u00e6rt ved at h\u00e5ndtere st\u00e6rke lys, lyde eller lugte. Derfor er det vigtigt at skabe et milj\u00f8, der er roligt og ikke overv\u00e6ldende for personer med autisme. Dette kan g\u00f8res ved at reducere st\u00f8jniveauet, bruge d\u00e6mpet belysning og undg\u00e5 st\u00e6rke lugte.<\/p>\n<p>En anden vigtig faktor er at tilbyde st\u00f8tte og hj\u00e6lp til personer med autisme. Mange personer med autisme har brug for ekstra st\u00f8tte og vejledning for at kunne fungere i samfundet. Dette kan omfatte terapi, specialundervisning og sociale f\u00e6rdighedstr\u00e6ningsprogrammer. Det er vigtigt, at disse tjenester er tilg\u00e6ngelige og tilpasset den enkelte persons behov.<\/p>\n<p>Det er ogs\u00e5 vigtigt at skabe inkluderende uddannelsesmuligheder for personer med autisme. Mange personer med autisme har evner og talenter, der kan blive overset p\u00e5 grund af deres tilstand. Derfor er det vigtigt at tilbyde uddannelsesmuligheder, der er tilpasset deres behov og styrker. Dette kan omfatte specialundervisning, men ogs\u00e5 inkluderende uddannelsesmuligheder, hvor personer med autisme kan deltage p\u00e5 lige fod med deres j\u00e6vnaldrende.<\/p>\n<p>Endelig er det vigtigt at skabe et inkluderende arbejdsmilj\u00f8 for personer med autisme. Mange personer med autisme har evner og talenter, der kan v\u00e6re v\u00e6rdifulde for arbejdsmarkedet. Det er derfor vigtigt at tilbyde st\u00f8tte og tilpasninger p\u00e5 arbejdspladsen, s\u00e5 person<\/p>\n<\/div>\n<\/div>\n","protected":false},"excerpt":{"rendered":"<p>Hvad er autisme, og hvordan p\u00e5virker det en person? Autisme er en neurologisk udviklingsforstyrrelse, der p\u00e5virker en persons evne til at kommunikere, socialisere og forst\u00e5&#8230;<\/p>\n","protected":false},"author":1,"featured_media":2757,"comment_status":"closed","ping_status":"open","sticky":false,"template":"","format":"standard","meta":{"inline_featured_image":false},"categories":[849],"tags":[],"yoast_head":"<!-- This site is optimized with the Yoast SEO plugin v18.1 - https:\/\/yoast.com\/wordpress\/plugins\/seo\/ -->\n<title>Er jeg autist? - Test Sindet<\/title>\n<meta name=\"robots\" content=\"index, follow, max-snippet:-1, max-image-preview:large, max-video-preview:-1\" \/>\n<link rel=\"canonical\" href=\"https:\/\/www.test-sindet.org\/blog\/autisme\/er-jeg-autist\/\" \/>\n<meta property=\"og:locale\" content=\"da_DK\" \/>\n<meta property=\"og:type\" content=\"article\" \/>\n<meta property=\"og:title\" content=\"Er jeg autist? - Test Sindet\" \/>\n<meta property=\"og:description\" content=\"Hvad er autisme, og hvordan p\u00e5virker det en person? Autisme er en neurologisk udviklingsforstyrrelse, der p\u00e5virker en persons evne til at kommunikere, socialisere og forst\u00e5...\" \/>\n<meta property=\"og:url\" content=\"https:\/\/www.test-sindet.org\/blog\/autisme\/er-jeg-autist\/\" \/>\n<meta property=\"og:site_name\" content=\"Test Sindet\" \/>\n<meta property=\"article:published_time\" content=\"2024-12-24T03:15:40+00:00\" \/>\n<meta property=\"article:modified_time\" content=\"2024-12-27T10:28:47+00:00\" \/>\n<meta name=\"twitter:card\" content=\"summary_large_image\" \/>\n<meta name=\"twitter:image\" content=\"https:\/\/www.test-sindet.org\/blog\/wp-content\/uploads\/2024\/12\/img_adhd_25.webp\" \/>\n<meta name=\"twitter:label1\" content=\"Skrevet af\" \/>\n\t<meta name=\"twitter:data1\" content=\"Test Sindet\" \/>\n\t<meta name=\"twitter:label2\" content=\"Estimeret l\u00e6setid\" \/>\n\t<meta name=\"twitter:data2\" content=\"10 minutter\" \/>\n<script type=\"application\/ld+json\" class=\"yoast-schema-graph\">{\"@context\":\"https:\/\/schema.org\",\"@graph\":[{\"@type\":\"WebSite\",\"@id\":\"https:\/\/www.test-sindet.org\/blog\/#website\",\"url\":\"https:\/\/www.test-sindet.org\/blog\/\",\"name\":\"Test Sindet\",\"description\":\"Blog om forstyrrelser i sindet\",\"potentialAction\":[{\"@type\":\"SearchAction\",\"target\":{\"@type\":\"EntryPoint\",\"urlTemplate\":\"https:\/\/www.test-sindet.org\/blog\/?s={search_term_string}\"},\"query-input\":\"required name=search_term_string\"}],\"inLanguage\":\"da-DK\"},{\"@type\":\"ImageObject\",\"@id\":\"https:\/\/www.test-sindet.org\/blog\/autisme\/er-jeg-autist\/#primaryimage\",\"inLanguage\":\"da-DK\",\"url\":\"https:\/\/www.test-sindet.org\/blog\/wp-content\/uploads\/2024\/12\/img_adhd_25.webp\",\"contentUrl\":\"https:\/\/www.test-sindet.org\/blog\/wp-content\/uploads\/2024\/12\/img_adhd_25.webp\",\"width\":1024,\"height\":1024},{\"@type\":\"WebPage\",\"@id\":\"https:\/\/www.test-sindet.org\/blog\/autisme\/er-jeg-autist\/#webpage\",\"url\":\"https:\/\/www.test-sindet.org\/blog\/autisme\/er-jeg-autist\/\",\"name\":\"Er jeg autist? - Test Sindet\",\"isPartOf\":{\"@id\":\"https:\/\/www.test-sindet.org\/blog\/#website\"},\"primaryImageOfPage\":{\"@id\":\"https:\/\/www.test-sindet.org\/blog\/autisme\/er-jeg-autist\/#primaryimage\"},\"datePublished\":\"2024-12-24T03:15:40+00:00\",\"dateModified\":\"2024-12-27T10:28:47+00:00\",\"author\":{\"@id\":\"https:\/\/www.test-sindet.org\/blog\/#\/schema\/person\/8eb1bcaf59fea75c780c11946f4e3490\"},\"breadcrumb\":{\"@id\":\"https:\/\/www.test-sindet.org\/blog\/autisme\/er-jeg-autist\/#breadcrumb\"},\"inLanguage\":\"da-DK\",\"potentialAction\":[{\"@type\":\"ReadAction\",\"target\":[\"https:\/\/www.test-sindet.org\/blog\/autisme\/er-jeg-autist\/\"]}]},{\"@type\":\"BreadcrumbList\",\"@id\":\"https:\/\/www.test-sindet.org\/blog\/autisme\/er-jeg-autist\/#breadcrumb\",\"itemListElement\":[{\"@type\":\"ListItem\",\"position\":1,\"name\":\"Home\",\"item\":\"https:\/\/www.test-sindet.org\/blog\/\"},{\"@type\":\"ListItem\",\"position\":2,\"name\":\"Er jeg autist?\"}]},{\"@type\":\"Person\",\"@id\":\"https:\/\/www.test-sindet.org\/blog\/#\/schema\/person\/8eb1bcaf59fea75c780c11946f4e3490\",\"name\":\"Test Sindet\",\"image\":{\"@type\":\"ImageObject\",\"@id\":\"https:\/\/www.test-sindet.org\/blog\/#personlogo\",\"inLanguage\":\"da-DK\",\"url\":\"https:\/\/secure.gravatar.com\/avatar\/6743211f010801ea26aa9423a2daab37?s=96&d=mm&r=g\",\"contentUrl\":\"https:\/\/secure.gravatar.com\/avatar\/6743211f010801ea26aa9423a2daab37?s=96&d=mm&r=g\",\"caption\":\"Test Sindet\"},\"sameAs\":[\"https:\/\/www.test-sindet.org\/blog\"],\"url\":\"https:\/\/www.test-sindet.org\/blog\/author\/diagnostyka-umyslu\/\"}]}<\/script>\n<!-- \/ Yoast SEO plugin. -->","yoast_head_json":{"title":"Er jeg autist? - Test Sindet","robots":{"index":"index","follow":"follow","max-snippet":"max-snippet:-1","max-image-preview":"max-image-preview:large","max-video-preview":"max-video-preview:-1"},"canonical":"https:\/\/www.test-sindet.org\/blog\/autisme\/er-jeg-autist\/","og_locale":"da_DK","og_type":"article","og_title":"Er jeg autist? - Test Sindet","og_description":"Hvad er autisme, og hvordan p\u00e5virker det en person? Autisme er en neurologisk udviklingsforstyrrelse, der p\u00e5virker en persons evne til at kommunikere, socialisere og forst\u00e5...","og_url":"https:\/\/www.test-sindet.org\/blog\/autisme\/er-jeg-autist\/","og_site_name":"Test Sindet","article_published_time":"2024-12-24T03:15:40+00:00","article_modified_time":"2024-12-27T10:28:47+00:00","twitter_card":"summary_large_image","twitter_image":"https:\/\/www.test-sindet.org\/blog\/wp-content\/uploads\/2024\/12\/img_adhd_25.webp","twitter_misc":{"Skrevet af":"Test Sindet","Estimeret l\u00e6setid":"10 minutter"},"schema":{"@context":"https:\/\/schema.org","@graph":[{"@type":"WebSite","@id":"https:\/\/www.test-sindet.org\/blog\/#website","url":"https:\/\/www.test-sindet.org\/blog\/","name":"Test Sindet","description":"Blog om forstyrrelser i sindet","potentialAction":[{"@type":"SearchAction","target":{"@type":"EntryPoint","urlTemplate":"https:\/\/www.test-sindet.org\/blog\/?s={search_term_string}"},"query-input":"required name=search_term_string"}],"inLanguage":"da-DK"},{"@type":"ImageObject","@id":"https:\/\/www.test-sindet.org\/blog\/autisme\/er-jeg-autist\/#primaryimage","inLanguage":"da-DK","url":"https:\/\/www.test-sindet.org\/blog\/wp-content\/uploads\/2024\/12\/img_adhd_25.webp","contentUrl":"https:\/\/www.test-sindet.org\/blog\/wp-content\/uploads\/2024\/12\/img_adhd_25.webp","width":1024,"height":1024},{"@type":"WebPage","@id":"https:\/\/www.test-sindet.org\/blog\/autisme\/er-jeg-autist\/#webpage","url":"https:\/\/www.test-sindet.org\/blog\/autisme\/er-jeg-autist\/","name":"Er jeg autist? - Test Sindet","isPartOf":{"@id":"https:\/\/www.test-sindet.org\/blog\/#website"},"primaryImageOfPage":{"@id":"https:\/\/www.test-sindet.org\/blog\/autisme\/er-jeg-autist\/#primaryimage"},"datePublished":"2024-12-24T03:15:40+00:00","dateModified":"2024-12-27T10:28:47+00:00","author":{"@id":"https:\/\/www.test-sindet.org\/blog\/#\/schema\/person\/8eb1bcaf59fea75c780c11946f4e3490"},"breadcrumb":{"@id":"https:\/\/www.test-sindet.org\/blog\/autisme\/er-jeg-autist\/#breadcrumb"},"inLanguage":"da-DK","potentialAction":[{"@type":"ReadAction","target":["https:\/\/www.test-sindet.org\/blog\/autisme\/er-jeg-autist\/"]}]},{"@type":"BreadcrumbList","@id":"https:\/\/www.test-sindet.org\/blog\/autisme\/er-jeg-autist\/#breadcrumb","itemListElement":[{"@type":"ListItem","position":1,"name":"Home","item":"https:\/\/www.test-sindet.org\/blog\/"},{"@type":"ListItem","position":2,"name":"Er jeg autist?"}]},{"@type":"Person","@id":"https:\/\/www.test-sindet.org\/blog\/#\/schema\/person\/8eb1bcaf59fea75c780c11946f4e3490","name":"Test Sindet","image":{"@type":"ImageObject","@id":"https:\/\/www.test-sindet.org\/blog\/#personlogo","inLanguage":"da-DK","url":"https:\/\/secure.gravatar.com\/avatar\/6743211f010801ea26aa9423a2daab37?s=96&d=mm&r=g","contentUrl":"https:\/\/secure.gravatar.com\/avatar\/6743211f010801ea26aa9423a2daab37?s=96&d=mm&r=g","caption":"Test Sindet"},"sameAs":["https:\/\/www.test-sindet.org\/blog"],"url":"https:\/\/www.test-sindet.org\/blog\/author\/diagnostyka-umyslu\/"}]}},"amp_enabled":true,"_links":{"self":[{"href":"https:\/\/www.test-sindet.org\/blog\/wp-json\/wp\/v2\/posts\/2829"}],"collection":[{"href":"https:\/\/www.test-sindet.org\/blog\/wp-json\/wp\/v2\/posts"}],"about":[{"href":"https:\/\/www.test-sindet.org\/blog\/wp-json\/wp\/v2\/types\/post"}],"author":[{"embeddable":true,"href":"https:\/\/www.test-sindet.org\/blog\/wp-json\/wp\/v2\/users\/1"}],"replies":[{"embeddable":true,"href":"https:\/\/www.test-sindet.org\/blog\/wp-json\/wp\/v2\/comments?post=2829"}],"version-history":[{"count":1,"href":"https:\/\/www.test-sindet.org\/blog\/wp-json\/wp\/v2\/posts\/2829\/revisions"}],"predecessor-version":[{"id":2836,"href":"https:\/\/www.test-sindet.org\/blog\/wp-json\/wp\/v2\/posts\/2829\/revisions\/2836"}],"wp:featuredmedia":[{"embeddable":true,"href":"https:\/\/www.test-sindet.org\/blog\/wp-json\/wp\/v2\/media\/2757"}],"wp:attachment":[{"href":"https:\/\/www.test-sindet.org\/blog\/wp-json\/wp\/v2\/media?parent=2829"}],"wp:term":[{"taxonomy":"category","embeddable":true,"href":"https:\/\/www.test-sindet.org\/blog\/wp-json\/wp\/v2\/categories?post=2829"},{"taxonomy":"post_tag","embeddable":true,"href":"https:\/\/www.test-sindet.org\/blog\/wp-json\/wp\/v2\/tags?post=2829"}],"curies":[{"name":"wp","href":"https:\/\/api.w.org\/{rel}","templated":true}]}}