{"id":2834,"date":"2024-12-27T04:15:40","date_gmt":"2024-12-27T03:15:40","guid":{"rendered":"https:\/\/www.test-sindet.org\/blog\/autisme\/har-jeg-autisme\/"},"modified":"2024-12-27T11:30:14","modified_gmt":"2024-12-27T10:30:14","slug":"har-jeg-autisme","status":"publish","type":"post","link":"https:\/\/www.test-sindet.org\/blog\/autisme\/har-jeg-autisme\/","title":{"rendered":"Har jeg autisme?"},"content":{"rendered":"<div class=\"topics\">\n<div class=\"topic\">\n<h2>Hvad er autisme, og hvordan p\u00e5virker det ens liv?<\/h2>\n<p>Autisme er en neurologisk udviklingsforstyrrelse, der p\u00e5virker en persons evne til at kommunikere, socialisere og forst\u00e5 verden omkring dem. Det er en livslang tilstand, der p\u00e5virker en persons adf\u00e6rd, f\u00f8lelser og m\u00e5de at t\u00e6nke p\u00e5.<\/p>\n<p>Mennesker med autisme har ofte sv\u00e6rt ved at forst\u00e5 og tolke sociale signaler og nonverbale kommunikation, s\u00e5som kropssprog og ansigtsudtryk. De kan ogs\u00e5 have sv\u00e6rt ved at opretholde \u00f8jenkontakt og forst\u00e5 andres f\u00f8lelser og perspektiver. Dette kan g\u00f8re det udfordrende for dem at opbygge og opretholde sociale relationer.<\/p>\n<p>Autisme kan ogs\u00e5 p\u00e5virke en persons sprog og kommunikationsevner. Nogle mennesker med autisme kan have sv\u00e6rt ved at udtrykke sig verbalt og kan have begr\u00e6nset sprogforst\u00e5else. Andre kan have et meget avanceret ordforr\u00e5d og tale flydende, men kan have sv\u00e6rt ved at forst\u00e5 sprogets sociale og f\u00f8lelsesm\u00e6ssige nuancer.<\/p>\n<p>En anden udfordring for personer med autisme er deres tendens til at have begr\u00e6nset, gentagende og stereotyp adf\u00e6rd. Dette kan omfatte gentagne bev\u00e6gelser, som at vippe eller dreje h\u00e6nderne, gentagne lyde eller ord, og en st\u00e6rk interesse for specifikke emner eller aktiviteter. Disse gentagne adf\u00e6rdsm\u00f8nstre kan v\u00e6re beroligende for personen, men kan ogs\u00e5 forstyrre deres daglige funktion og sociale interaktioner.<\/p>\n<p>Autisme kan ogs\u00e5 p\u00e5virke en persons sensoriske oplevelser. Mennesker med autisme kan have en over- eller underf\u00f8lsomhed over for visse sanseindtryk, s\u00e5som lys, lyd, lugt og ber\u00f8ring. Dette kan f\u00f8re til overstimulering eller undg\u00e5else af visse situationer eller milj\u00f8er.<\/p>\n<p>Det er vigtigt at forst\u00e5, at autisme er en bred spektrumforstyrrelse, hvilket betyder, at den p\u00e5virker mennesker p\u00e5 forskellige m\u00e5der og i forskellige grader. Nogle mennesker med autisme kan have en h\u00f8j intelligens og v\u00e6re i stand til at leve et selvst\u00e6ndigt liv, mens andre kan have en intellektuel funktionsneds\u00e6ttelse og have brug for livslang st\u00f8tte.<\/p>\n<p>Autisme p\u00e5virker ogs\u00e5 familier til personer med diagnosen. For\u00e6ldre og s\u00f8skende kan opleve f\u00f8lelsesm\u00e6ssige udfordringer og stress p\u00e5 grund af de unikke udfordringer, der f\u00f8lger med at have en elsket med autisme. Det kan ogs\u00e5 v\u00e6re en \u00f8konomisk byrde, da behandling og st\u00f8tte til personer med autisme kan v\u00e6re dyrt.<\/p>\n<p>Selvom autism<\/p>\n<\/div>\n<div class=\"topic\">\n<h2>Hvordan kan man f\u00e5 en diagnose for autisme, og hvilke tests og unders\u00f8gelser er involveret?<\/h2>\n<p>Autisme er en kompleks neurologisk tilstand, der p\u00e5virker en persons sociale interaktion, kommunikation og adf\u00e6rd. Det er en livslang tilstand, der ofte diagnosticeres i barndommen, men nogle gange kan det ogs\u00e5 blive diagnosticeret i voksenalderen. Det er vigtigt at f\u00e5 en korrekt diagnose af autisme, da det kan hj\u00e6lpe med at forst\u00e5 og h\u00e5ndtere symptomerne og f\u00e5 den rette st\u00f8tte og behandling.<\/p>\n<p>Der er ingen enkelt test, der kan diagnosticere autisme. I stedet er diagnosen baseret p\u00e5 en grundig vurdering af en persons adf\u00e6rd, udvikling og kommunikationsevner. Denne vurdering udf\u00f8res normalt af et team af specialister, der kan omfatte en b\u00f8rnel\u00e6ge, en psykolog, en tale- og sprogterapeut og en ergoterapeut.<\/p>\n<p>Den f\u00f8rste fase i diagnosticeringsprocessen er en grundig unders\u00f8gelse af personens medicinske historie og en samtale med for\u00e6ldrene eller omsorgspersonerne. Dette kan give vigtige oplysninger om barnets udvikling og eventuelle bekymringer, der er blevet bem\u00e6rket.<\/p>\n<p>Derefter vil der blive udf\u00f8rt en r\u00e6kke tests og observationer for at evaluere personens adf\u00e6rd og kommunikationsevner. Disse tests kan omfatte:<\/p>\n<p>1. ADOS (Autism Diagnostic Observation Schedule): Dette er en struktureret observationstest, der bruges til at evaluere en persons sociale interaktion, kommunikation og adf\u00e6rdsm\u00f8nstre. Det udf\u00f8res normalt af en tr\u00e6net specialist og kan tage op til 45 minutter.<\/p>\n<p>2. ADI-R (Autism Diagnostic Interview-Revised): Dette er en semistruktureret interviewunders\u00f8gelse, der udf\u00f8res med for\u00e6ldrene eller omsorgspersonerne. Det fokuserer p\u00e5 barnets tidlige udvikling, sprog- og kommunikationsevner og adf\u00e6rdsm\u00f8nstre.<\/p>\n<p>3. CARS (Childhood Autism Rating Scale): Dette er en observationstest, der bruges til at evaluere en persons adf\u00e6rd og kommunikation. Det udf\u00f8res normalt af en tr\u00e6net specialist og kan tage op til 30 minutter.<\/p>\n<p>4. GAF (Global Assessment of Functioning): Dette er en skala, der bruges til at vurdere en persons funktionsevne og tilpasningsevne i dagligdagen. Det kan hj\u00e6lpe med at identificere eventuelle udfordringer eller vanskeligheder, som personen kan have.<\/p>\n<p>5. Andre tests: Der kan ogs\u00e5 udf\u00f8res andre tests for at evaluere personens kognitive evner, motoriske f\u00e6rdigheder og f\u00f8lelsesm\u00e6ssige tilstand.<\/p>\n<p>Ud over disse tests kan der ogs\u00e5 blive udf\u00f8rt en fysisk unders\u00f8gelse og blodpr\u00f8ver fo<\/p>\n<\/div>\n<div class=\"topic\">\n<h2>Hvordan kan man h\u00e5ndtere og leve med autisme i hverdagen?<\/h2>\n<p>Autisme er en neurologisk udviklingsforstyrrelse, der p\u00e5virker en persons evne til at kommunikere, socialisere og forst\u00e5 verden omkring dem. Det er en livslang tilstand, der p\u00e5virker hver person p\u00e5 forskellige m\u00e5der. Derfor er det vigtigt at forst\u00e5, hvordan man bedst kan h\u00e5ndtere og leve med autisme i hverdagen.<\/p>\n<p>Den f\u00f8rste og vigtigste m\u00e5de at h\u00e5ndtere autisme p\u00e5 er ved at f\u00e5 en korrekt diagnose. Det er afg\u00f8rende at f\u00e5 en professionel vurdering af en l\u00e6ge eller specialist, der kan hj\u00e6lpe med at identificere og forst\u00e5 de specifikke udfordringer, en person med autisme st\u00e5r over for. En tidlig diagnose kan ogs\u00e5 hj\u00e6lpe med at f\u00e5 den rette st\u00f8tte og behandling, der kan forbedre livskvaliteten.<\/p>\n<p>En anden vigtig faktor i h\u00e5ndteringen af autisme er at skabe en struktureret og forudsigelig hverdag. Mennesker med autisme har ofte brug for en fast rutine og forudsigelighed for at f\u00f8le sig trygge og komfortable. Det kan v\u00e6re en god id\u00e9 at lave en daglig plan eller tidsplan, der hj\u00e6lper med at skabe en f\u00f8lelse af kontrol og stabilitet. Det er ogs\u00e5 vigtigt at undg\u00e5 pludselige \u00e6ndringer eller overraskelser, da det kan v\u00e6re overv\u00e6ldende for en person med autisme.<\/p>\n<p>Kommunikation er ogs\u00e5 en vigtig del af h\u00e5ndteringen af autisme. Mennesker med autisme kan have udfordringer med at forst\u00e5 og udtrykke sig verbalt. Det er derfor vigtigt at finde alternative m\u00e5der at kommunikere p\u00e5, s\u00e5som brug af billeder, tegnsprog eller visuelle hj\u00e6lpemidler. Det er ogs\u00e5 vigtigt at v\u00e6re t\u00e5lmodig og lytte aktivt, n\u00e5r man kommunikerer med en person med autisme.<\/p>\n<p>En anden m\u00e5de at h\u00e5ndtere autisme p\u00e5 er ved at forst\u00e5 og respektere individuelle behov. Autisme p\u00e5virker hver person p\u00e5 forskellige m\u00e5der, s\u00e5 det er vigtigt at forst\u00e5, hvad der fungerer bedst for den enkelte. Det kan v\u00e6re nyttigt at tale med personen og finde ud af, hvad der hj\u00e6lper dem med at f\u00f8le sig trygge og komfortable. Det kan ogs\u00e5 v\u00e6re en god id\u00e9 at s\u00f8ge st\u00f8tte fra en terapeut eller en st\u00f8ttegruppe, hvor man kan dele erfaringer og f\u00e5 r\u00e5dgivning om, hvordan man bedst kan h\u00e5ndtere autisme i hverdagen.<\/p>\n<p>Endelig er det vigtigt at skabe et st\u00f8ttende og inkluderende milj\u00f8 for personer med autisme. Det kan v\u00e6re en udfordring for personer med autisme at f\u00f8le sig accepteret og forst\u00e5et af andre. Derfor er det vigtigt at skabe et milj\u00f8<\/p>\n<\/div>\n<div class=\"topic\">\n<h2>Hvordan p\u00e5virker autisme ens sociale interaktioner og kommunikationsevner?<\/h2>\n<p>Autisme er en neurologisk udviklingsforstyrrelse, der p\u00e5virker en persons evne til at kommunikere og interagere med andre. Det er en kompleks tilstand, der kan have forskellige grader af sv\u00e6rhedsgrad og p\u00e5virke hver person p\u00e5 forskellige m\u00e5der. En af de mest udbredte og indflydelsesrige aspekter af autisme er dens p\u00e5virkning p\u00e5 sociale interaktioner og kommunikationsevner.<\/p>\n<p>Mennesker med autisme har ofte sv\u00e6rt ved at forst\u00e5 og tolke sociale signaler og normer. De kan have vanskeligheder med at forst\u00e5 nonverbale kommunikationsformer som kropssprog, tonefald og ansigtsudtryk. Dette kan g\u00f8re det sv\u00e6rt for dem at forst\u00e5, hvad andre mennesker f\u00f8ler eller t\u00e6nker, og hvordan de skal reagere i sociale situationer. Som et resultat kan personer med autisme virke uinteresserede eller uengagerede i sociale interaktioner, hvilket kan f\u00f8re til misforst\u00e5elser og konflikter.<\/p>\n<p>Kommunikation er ogs\u00e5 en udfordring for personer med autisme. De kan have sv\u00e6rt ved at udtrykke sig verbalt og kan have begr\u00e6nset sprogf\u00e6rdigheder. Nogle mennesker med autisme kan have et begr\u00e6nset ordforr\u00e5d eller have sv\u00e6rt ved at forst\u00e5 og bruge sproglige nuancer som ironi og sarkasme. Dette kan g\u00f8re det sv\u00e6rt for dem at deltage i samtaler og f\u00f8re meningsfulde dialoger med andre.<\/p>\n<p>Autisme kan ogs\u00e5 p\u00e5virke evnen til at forst\u00e5 og f\u00f8lge sociale regler og normer. Mennesker med autisme kan have sv\u00e6rt ved at forst\u00e5, hvad der er passende adf\u00e6rd i forskellige sociale situationer, og kan derfor komme til at virke uh\u00f8flige eller upassende. De kan ogs\u00e5 have sv\u00e6rt ved at forst\u00e5 og respektere andres gr\u00e6nser og kan derfor komme til at virke for p\u00e5tr\u00e6ngende eller indgribende.<\/p>\n<p>Denne udfordring med sociale interaktioner og kommunikation kan have en stor indflydelse p\u00e5 en persons liv. Det kan f\u00f8re til isolation og ensomhed, da personer med autisme ofte har sv\u00e6rt ved at opbygge og opretholde venskaber og relationer. Det kan ogs\u00e5 p\u00e5virke deres evne til at deltage i uddannelse og arbejde, da disse omr\u00e5der ofte kr\u00e6ver gode kommunikations- og samarbejdsevner.<\/p>\n<p>Det er vigtigt at forst\u00e5, at autisme er en tilstand, der p\u00e5virker hver person p\u00e5 forskellige m\u00e5der. Nogle mennesker med autisme kan have mere udtalte udfordringer med sociale interaktioner og kommunikation end andre. Det er ogs\u00e5 vigtigt at huske, at personer med autisme har mange styrker og tal<\/p>\n<\/div>\n<div class=\"topic\">\n<h2>Hvordan kan man st\u00f8tte og hj\u00e6lpe en person med autisme, b\u00e5de som p\u00e5r\u00f8rende og som samfund?<\/h2>\n<p>Autisme er en kompleks neurologisk tilstand, der p\u00e5virker en persons evne til at kommunikere, socialisere og forst\u00e5 verden omkring dem. Det kan v\u00e6re en udfordrende tilstand for b\u00e5de den person, der lever med det, og deres p\u00e5r\u00f8rende. Derfor er det vigtigt at vide, hvordan man bedst kan st\u00f8tte og hj\u00e6lpe en person med autisme, b\u00e5de som p\u00e5r\u00f8rende og som samfund.<\/p>\n<p>1. Forst\u00e5else og accept<br \/>\nDet f\u00f8rste skridt i at st\u00f8tte en person med autisme er at have forst\u00e5else og accept for deres tilstand. Autisme er en del af en persons identitet, og det er vigtigt at anerkende og respektere det. Det betyder ogs\u00e5 at forst\u00e5, at personen m\u00e5ske har udfordringer med kommunikation og sociale interaktioner, men det betyder ikke, at de ikke \u00f8nsker at v\u00e6re en del af samfundet.<\/p>\n<p>2. Skab et trygt og struktureret milj\u00f8<br \/>\nPersoner med autisme kan have sv\u00e6rt ved at h\u00e5ndtere forandringer og uforudsigelighed. Derfor er det vigtigt at skabe et trygt og struktureret milj\u00f8 for dem. Dette kan g\u00f8res ved at have faste rutiner og tydelige forventninger. Det kan ogs\u00e5 v\u00e6re en god id\u00e9 at undg\u00e5 for mange stimuli, da det kan v\u00e6re overv\u00e6ldende for personen.<\/p>\n<p>3. Kommunikation<br \/>\nKommunikation kan v\u00e6re en udfordring for personer med autisme, da de kan have sv\u00e6rt ved at forst\u00e5 nonverbale signaler og sociale cues. Det er derfor vigtigt at kommunikere klart og tydeligt ved at bruge enkle s\u00e6tninger og undg\u00e5 ironi og sarkasme. Det kan ogs\u00e5 v\u00e6re en god id\u00e9 at bruge visuelle hj\u00e6lpemidler som billeder og tegn for at underst\u00f8tte kommunikationen.<\/p>\n<p>4. St\u00f8t personens interesser<br \/>\nPersoner med autisme kan have s\u00e6rlige interesser og styrker, som de er meget optagede af. Det er vigtigt at st\u00f8tte og anerkende disse interesser, da de kan v\u00e6re en kilde til gl\u00e6de og selvv\u00e6rd for personen. Det kan ogs\u00e5 v\u00e6re en m\u00e5de at skabe f\u00e6lles interesser og aktiviteter med personen.<\/p>\n<p>5. Uddannelse og inklusion<br \/>\nSom samfund er det vigtigt at skabe et inkluderende milj\u00f8 for personer med autisme. Det betyder at tilbyde uddannelse og st\u00f8tte, der er tilpasset deres behov, og at skabe muligheder for dem for at v\u00e6re en del af samfundet. Det kan ogs\u00e5 v\u00e6re en god id\u00e9 at \u00f8ge bevidstheden om autisme og nedbryde eventuelle fordomme og misforst\u00e5elser.<\/p>\n<p>I sidste ende er det vigtigt at huske, at hver person med autisme er unik, og derfor kan der v\u00e6re forsk<\/p>\n<\/div>\n<\/div>\n","protected":false},"excerpt":{"rendered":"<p>Hvad er autisme, og hvordan p\u00e5virker det ens liv? Autisme er en neurologisk udviklingsforstyrrelse, der p\u00e5virker en persons evne til at kommunikere, socialisere og forst\u00e5&#8230;<\/p>\n","protected":false},"author":1,"featured_media":2722,"comment_status":"closed","ping_status":"open","sticky":false,"template":"","format":"standard","meta":{"inline_featured_image":false},"categories":[849],"tags":[],"yoast_head":"<!-- This site is optimized with the Yoast SEO plugin v18.1 - https:\/\/yoast.com\/wordpress\/plugins\/seo\/ -->\n<title>Har jeg autisme? - Test Sindet<\/title>\n<meta name=\"robots\" content=\"index, follow, max-snippet:-1, max-image-preview:large, max-video-preview:-1\" \/>\n<link rel=\"canonical\" href=\"https:\/\/www.test-sindet.org\/blog\/autisme\/har-jeg-autisme\/\" \/>\n<meta property=\"og:locale\" content=\"da_DK\" \/>\n<meta property=\"og:type\" content=\"article\" \/>\n<meta property=\"og:title\" content=\"Har jeg autisme? - Test Sindet\" \/>\n<meta property=\"og:description\" content=\"Hvad er autisme, og hvordan p\u00e5virker det ens liv? Autisme er en neurologisk udviklingsforstyrrelse, der p\u00e5virker en persons evne til at kommunikere, socialisere og forst\u00e5...\" \/>\n<meta property=\"og:url\" content=\"https:\/\/www.test-sindet.org\/blog\/autisme\/har-jeg-autisme\/\" \/>\n<meta property=\"og:site_name\" content=\"Test Sindet\" \/>\n<meta property=\"article:published_time\" content=\"2024-12-27T03:15:40+00:00\" \/>\n<meta property=\"article:modified_time\" content=\"2024-12-27T10:30:14+00:00\" \/>\n<meta name=\"twitter:card\" content=\"summary_large_image\" \/>\n<meta name=\"twitter:image\" content=\"https:\/\/www.test-sindet.org\/blog\/wp-content\/uploads\/2024\/12\/img_autism_9.webp\" \/>\n<meta name=\"twitter:label1\" content=\"Skrevet af\" \/>\n\t<meta name=\"twitter:data1\" content=\"Test Sindet\" \/>\n\t<meta name=\"twitter:label2\" content=\"Estimeret l\u00e6setid\" \/>\n\t<meta name=\"twitter:data2\" content=\"10 minutter\" \/>\n<script type=\"application\/ld+json\" class=\"yoast-schema-graph\">{\"@context\":\"https:\/\/schema.org\",\"@graph\":[{\"@type\":\"WebSite\",\"@id\":\"https:\/\/www.test-sindet.org\/blog\/#website\",\"url\":\"https:\/\/www.test-sindet.org\/blog\/\",\"name\":\"Test Sindet\",\"description\":\"Blog om forstyrrelser i sindet\",\"potentialAction\":[{\"@type\":\"SearchAction\",\"target\":{\"@type\":\"EntryPoint\",\"urlTemplate\":\"https:\/\/www.test-sindet.org\/blog\/?s={search_term_string}\"},\"query-input\":\"required name=search_term_string\"}],\"inLanguage\":\"da-DK\"},{\"@type\":\"ImageObject\",\"@id\":\"https:\/\/www.test-sindet.org\/blog\/autisme\/har-jeg-autisme\/#primaryimage\",\"inLanguage\":\"da-DK\",\"url\":\"https:\/\/www.test-sindet.org\/blog\/wp-content\/uploads\/2024\/12\/img_autism_9.webp\",\"contentUrl\":\"https:\/\/www.test-sindet.org\/blog\/wp-content\/uploads\/2024\/12\/img_autism_9.webp\",\"width\":1024,\"height\":1024},{\"@type\":\"WebPage\",\"@id\":\"https:\/\/www.test-sindet.org\/blog\/autisme\/har-jeg-autisme\/#webpage\",\"url\":\"https:\/\/www.test-sindet.org\/blog\/autisme\/har-jeg-autisme\/\",\"name\":\"Har jeg autisme? - Test Sindet\",\"isPartOf\":{\"@id\":\"https:\/\/www.test-sindet.org\/blog\/#website\"},\"primaryImageOfPage\":{\"@id\":\"https:\/\/www.test-sindet.org\/blog\/autisme\/har-jeg-autisme\/#primaryimage\"},\"datePublished\":\"2024-12-27T03:15:40+00:00\",\"dateModified\":\"2024-12-27T10:30:14+00:00\",\"author\":{\"@id\":\"https:\/\/www.test-sindet.org\/blog\/#\/schema\/person\/8eb1bcaf59fea75c780c11946f4e3490\"},\"breadcrumb\":{\"@id\":\"https:\/\/www.test-sindet.org\/blog\/autisme\/har-jeg-autisme\/#breadcrumb\"},\"inLanguage\":\"da-DK\",\"potentialAction\":[{\"@type\":\"ReadAction\",\"target\":[\"https:\/\/www.test-sindet.org\/blog\/autisme\/har-jeg-autisme\/\"]}]},{\"@type\":\"BreadcrumbList\",\"@id\":\"https:\/\/www.test-sindet.org\/blog\/autisme\/har-jeg-autisme\/#breadcrumb\",\"itemListElement\":[{\"@type\":\"ListItem\",\"position\":1,\"name\":\"Home\",\"item\":\"https:\/\/www.test-sindet.org\/blog\/\"},{\"@type\":\"ListItem\",\"position\":2,\"name\":\"Har jeg autisme?\"}]},{\"@type\":\"Person\",\"@id\":\"https:\/\/www.test-sindet.org\/blog\/#\/schema\/person\/8eb1bcaf59fea75c780c11946f4e3490\",\"name\":\"Test Sindet\",\"image\":{\"@type\":\"ImageObject\",\"@id\":\"https:\/\/www.test-sindet.org\/blog\/#personlogo\",\"inLanguage\":\"da-DK\",\"url\":\"https:\/\/secure.gravatar.com\/avatar\/6743211f010801ea26aa9423a2daab37?s=96&d=mm&r=g\",\"contentUrl\":\"https:\/\/secure.gravatar.com\/avatar\/6743211f010801ea26aa9423a2daab37?s=96&d=mm&r=g\",\"caption\":\"Test Sindet\"},\"sameAs\":[\"https:\/\/www.test-sindet.org\/blog\"],\"url\":\"https:\/\/www.test-sindet.org\/blog\/author\/diagnostyka-umyslu\/\"}]}<\/script>\n<!-- \/ Yoast SEO plugin. -->","yoast_head_json":{"title":"Har jeg autisme? - Test Sindet","robots":{"index":"index","follow":"follow","max-snippet":"max-snippet:-1","max-image-preview":"max-image-preview:large","max-video-preview":"max-video-preview:-1"},"canonical":"https:\/\/www.test-sindet.org\/blog\/autisme\/har-jeg-autisme\/","og_locale":"da_DK","og_type":"article","og_title":"Har jeg autisme? - Test Sindet","og_description":"Hvad er autisme, og hvordan p\u00e5virker det ens liv? Autisme er en neurologisk udviklingsforstyrrelse, der p\u00e5virker en persons evne til at kommunikere, socialisere og forst\u00e5...","og_url":"https:\/\/www.test-sindet.org\/blog\/autisme\/har-jeg-autisme\/","og_site_name":"Test Sindet","article_published_time":"2024-12-27T03:15:40+00:00","article_modified_time":"2024-12-27T10:30:14+00:00","twitter_card":"summary_large_image","twitter_image":"https:\/\/www.test-sindet.org\/blog\/wp-content\/uploads\/2024\/12\/img_autism_9.webp","twitter_misc":{"Skrevet af":"Test Sindet","Estimeret l\u00e6setid":"10 minutter"},"schema":{"@context":"https:\/\/schema.org","@graph":[{"@type":"WebSite","@id":"https:\/\/www.test-sindet.org\/blog\/#website","url":"https:\/\/www.test-sindet.org\/blog\/","name":"Test Sindet","description":"Blog om forstyrrelser i sindet","potentialAction":[{"@type":"SearchAction","target":{"@type":"EntryPoint","urlTemplate":"https:\/\/www.test-sindet.org\/blog\/?s={search_term_string}"},"query-input":"required name=search_term_string"}],"inLanguage":"da-DK"},{"@type":"ImageObject","@id":"https:\/\/www.test-sindet.org\/blog\/autisme\/har-jeg-autisme\/#primaryimage","inLanguage":"da-DK","url":"https:\/\/www.test-sindet.org\/blog\/wp-content\/uploads\/2024\/12\/img_autism_9.webp","contentUrl":"https:\/\/www.test-sindet.org\/blog\/wp-content\/uploads\/2024\/12\/img_autism_9.webp","width":1024,"height":1024},{"@type":"WebPage","@id":"https:\/\/www.test-sindet.org\/blog\/autisme\/har-jeg-autisme\/#webpage","url":"https:\/\/www.test-sindet.org\/blog\/autisme\/har-jeg-autisme\/","name":"Har jeg autisme? - Test Sindet","isPartOf":{"@id":"https:\/\/www.test-sindet.org\/blog\/#website"},"primaryImageOfPage":{"@id":"https:\/\/www.test-sindet.org\/blog\/autisme\/har-jeg-autisme\/#primaryimage"},"datePublished":"2024-12-27T03:15:40+00:00","dateModified":"2024-12-27T10:30:14+00:00","author":{"@id":"https:\/\/www.test-sindet.org\/blog\/#\/schema\/person\/8eb1bcaf59fea75c780c11946f4e3490"},"breadcrumb":{"@id":"https:\/\/www.test-sindet.org\/blog\/autisme\/har-jeg-autisme\/#breadcrumb"},"inLanguage":"da-DK","potentialAction":[{"@type":"ReadAction","target":["https:\/\/www.test-sindet.org\/blog\/autisme\/har-jeg-autisme\/"]}]},{"@type":"BreadcrumbList","@id":"https:\/\/www.test-sindet.org\/blog\/autisme\/har-jeg-autisme\/#breadcrumb","itemListElement":[{"@type":"ListItem","position":1,"name":"Home","item":"https:\/\/www.test-sindet.org\/blog\/"},{"@type":"ListItem","position":2,"name":"Har jeg autisme?"}]},{"@type":"Person","@id":"https:\/\/www.test-sindet.org\/blog\/#\/schema\/person\/8eb1bcaf59fea75c780c11946f4e3490","name":"Test Sindet","image":{"@type":"ImageObject","@id":"https:\/\/www.test-sindet.org\/blog\/#personlogo","inLanguage":"da-DK","url":"https:\/\/secure.gravatar.com\/avatar\/6743211f010801ea26aa9423a2daab37?s=96&d=mm&r=g","contentUrl":"https:\/\/secure.gravatar.com\/avatar\/6743211f010801ea26aa9423a2daab37?s=96&d=mm&r=g","caption":"Test Sindet"},"sameAs":["https:\/\/www.test-sindet.org\/blog"],"url":"https:\/\/www.test-sindet.org\/blog\/author\/diagnostyka-umyslu\/"}]}},"amp_enabled":true,"_links":{"self":[{"href":"https:\/\/www.test-sindet.org\/blog\/wp-json\/wp\/v2\/posts\/2834"}],"collection":[{"href":"https:\/\/www.test-sindet.org\/blog\/wp-json\/wp\/v2\/posts"}],"about":[{"href":"https:\/\/www.test-sindet.org\/blog\/wp-json\/wp\/v2\/types\/post"}],"author":[{"embeddable":true,"href":"https:\/\/www.test-sindet.org\/blog\/wp-json\/wp\/v2\/users\/1"}],"replies":[{"embeddable":true,"href":"https:\/\/www.test-sindet.org\/blog\/wp-json\/wp\/v2\/comments?post=2834"}],"version-history":[{"count":1,"href":"https:\/\/www.test-sindet.org\/blog\/wp-json\/wp\/v2\/posts\/2834\/revisions"}],"predecessor-version":[{"id":2841,"href":"https:\/\/www.test-sindet.org\/blog\/wp-json\/wp\/v2\/posts\/2834\/revisions\/2841"}],"wp:featuredmedia":[{"embeddable":true,"href":"https:\/\/www.test-sindet.org\/blog\/wp-json\/wp\/v2\/media\/2722"}],"wp:attachment":[{"href":"https:\/\/www.test-sindet.org\/blog\/wp-json\/wp\/v2\/media?parent=2834"}],"wp:term":[{"taxonomy":"category","embeddable":true,"href":"https:\/\/www.test-sindet.org\/blog\/wp-json\/wp\/v2\/categories?post=2834"},{"taxonomy":"post_tag","embeddable":true,"href":"https:\/\/www.test-sindet.org\/blog\/wp-json\/wp\/v2\/tags?post=2834"}],"curies":[{"name":"wp","href":"https:\/\/api.w.org\/{rel}","templated":true}]}}