{"id":2978,"date":"2025-01-28T19:10:26","date_gmt":"2025-01-28T18:10:26","guid":{"rendered":"https:\/\/www.test-sindet.org\/blog\/autisme\/tegn-paa-autisme\/"},"modified":"2025-01-29T11:38:05","modified_gmt":"2025-01-29T10:38:05","slug":"tegn-paa-autisme","status":"publish","type":"post","link":"https:\/\/www.test-sindet.org\/blog\/autisme\/tegn-paa-autisme\/","title":{"rendered":"Tegn p\u00e5 autisme"},"content":{"rendered":"<div class=\"topics\">\n<div class=\"topic\">\n<h2>Hvad er autisme og hvilke tegn skal man v\u00e6re opm\u00e6rksom p\u00e5?<\/h2>\n<p>Autisme er en neurologisk udviklingsforstyrrelse, der p\u00e5virker en persons evne til at kommunikere, socialisere og opf\u00f8re sig p\u00e5 en typisk m\u00e5de. Det er en livslang tilstand, der p\u00e5virker hjernens funktion og kan have en betydelig indvirkning p\u00e5 en persons daglige liv.<\/p>\n<p>Der er mange forskellige former for autisme, men den mest almindelige er autismespektrumforstyrrelse (ASF). Dette er en bred betegnelse, der d\u00e6kker en r\u00e6kke forskellige tilstande, herunder Aspergers syndrom og atypisk autisme. Det er vigtigt at bem\u00e6rke, at autisme er en spektrumforstyrrelse, hvilket betyder, at symptomerne og sv\u00e6rhedsgraden kan variere meget fra person til person.<\/p>\n<p>Der er ingen kendt \u00e5rsag til autisme, men forskning tyder p\u00e5, at en kombination af genetiske og milj\u00f8m\u00e6ssige faktorer kan spille en rolle. Det er ogs\u00e5 vigtigt at forst\u00e5, at autisme ikke er en sygdom, og der er ingen kur mod det. Det er en del af en persons identitet og b\u00f8r respekteres og accepteres som s\u00e5dan.<\/p>\n<p>Der e<\/p>\n<\/div>\n<div class=\"topic\">\n<h2>De forskellige typer af autisme og deres karakteristika<\/h2>\n<p>Autisme er en neurologisk udviklingsforstyrrelse, der p\u00e5virker en persons evne til at kommunikere, socialisere og forst\u00e5 verden omkring dem. Der findes forskellige typer af autisme, der hver is\u00e6r har deres egne karakteristika og udfordringer.<\/p>\n<p>Den mest almindelige type af autisme er infantil autisme, ogs\u00e5 kendt som klassisk autisme. Denne type autisme er kendetegnet ved forsinket sprogudvikling, begr\u00e6nset interesseomr\u00e5de og gentagende adf\u00e6rdsm\u00f8nstre. B\u00f8rn med infantil autisme har ofte sv\u00e6rt ved at forst\u00e5 og udtrykke f\u00f8lelser, og de har en tendens til at v\u00e6re meget fokuserede p\u00e5 rutiner og faste strukturer. De kan ogs\u00e5 have sv\u00e6rt ved at forst\u00e5 andres f\u00f8lelser og perspektiver, hvilket kan g\u00f8re det udfordrende for dem at socialisere og danne venskaber.<\/p>\n<p>En anden type af autisme er Aspergers syndrom. Dette er en mildere form for autisme, hvor b\u00f8rnene ofte har en normal eller h\u00f8j intelligens og udvikler sprog tidligt. De har dog stadig udfordringer med social inte<\/p>\n<\/div>\n<div class=\"topic\">\n<h2>Tidlige tegn p\u00e5 autisme hos b\u00f8rn og hvordan man kan f\u00e5 hj\u00e6lp<\/h2>\n<p>Autisme er en kompleks udviklingsforstyrrelse, der p\u00e5virker en persons evne til at kommunikere og interagere med andre. Det er en tilstand, der ofte opdages i barndommen, og jo tidligere det opdages, jo bedre er chancerne for at f\u00e5 den n\u00f8dvendige hj\u00e6lp og st\u00f8tte til at h\u00e5ndtere den.<\/p>\n<p>Der er ingen enkelt \u00e5rsag til autisme, men det menes at v\u00e6re en kombination af genetiske og milj\u00f8m\u00e6ssige faktorer. Det er ogs\u00e5 vigtigt at forst\u00e5, at autisme er en spektrumforstyrrelse, hvilket betyder, at symptomerne og sv\u00e6rhedsgraden kan variere fra person til person.<\/p>\n<p>N\u00e5r det kommer til b\u00f8rn, er der nogle tidlige tegn p\u00e5 autisme, som for\u00e6ldre og andre omsorgspersoner b\u00f8r v\u00e6re opm\u00e6rksomme p\u00e5. Disse tegn kan variere, men nogle af de mest almindelige inkluderer:<\/p>\n<p>1. Manglende \u00f8jenkontakt: B\u00f8rn med autisme har ofte sv\u00e6rt ved at opretholde \u00f8jenkontakt, n\u00e5r de kommunikerer med andre. De kan ogs\u00e5 undg\u00e5 \u00f8jenkontakt helt.<\/p>\n<p>2<\/p>\n<\/div>\n<div class=\"topic\">\n<h2>Vigtigheden af tidlig diagnose og behandling af autisme<\/h2>\n<p>Autisme er en kompleks neurologisk tilstand, der p\u00e5virker en persons evne til at kommunikere, socialisere og forst\u00e5 verden omkring dem. Det er en livslang tilstand, der ofte manifesterer sig i barndommen og forts\u00e6tter ind i voksenlivet. Derfor er det afg\u00f8rende at f\u00e5 en tidlig diagnose og behandling af autisme for at sikre den bedst mulige livskvalitet for personen.<\/p>\n<p>En tidlig diagnose af autisme er vigtig af flere \u00e5rsager. For det f\u00f8rste kan det hj\u00e6lpe med at forst\u00e5 og forklare de udfordringer, som personen med autisme st\u00e5r overfor. Det kan ogs\u00e5 hj\u00e6lpe med at identificere eventuelle andre tilknyttede tilstande, s\u00e5som ADHD eller angst, der kan p\u00e5virke personens liv. En tidlig diagnose kan ogs\u00e5 hj\u00e6lpe med at reducere forvirring og frustration hos b\u00e5de personen med autisme og deres familie, da de nu har en forklaring p\u00e5 de udfordringer, de st\u00e5r overfor.<\/p>\n<p>En anden vigtig grund til at f\u00e5 en tidlig diagnose af autisme er, at det kan f\u00f8re til en tidlig behandling. Tidlig intervention er afg\u00f8rende for at hj\u00e6l<\/p>\n<\/div>\n<div class=\"topic\">\n<h2>Hvordan man kan st\u00f8tte og hj\u00e6lpe personer med autisme i deres dagligdag<\/h2>\n<p>Autisme er en neurologisk udviklingsforstyrrelse, der p\u00e5virker en persons evne til at kommunikere, socialisere og forst\u00e5 verden omkring dem. Det kan v\u00e6re en udfordring for personer med autisme at navigere i deres dagligdag, men der er mange m\u00e5der, hvorp\u00e5 man kan st\u00f8tte og hj\u00e6lpe dem.<\/p>\n<p>1. Skab en struktureret og forudsigelig dagligdag<br \/>\nPersoner med autisme har ofte brug for en struktureret og forudsigelig dagligdag for at f\u00f8le sig trygge og sikre. Det kan v\u00e6re en god id\u00e9 at oprette en fast rutine, hvor der er faste tidspunkter for m\u00e5ltider, aktiviteter og hviletider. Det kan ogs\u00e5 v\u00e6re en god id\u00e9 at lave en visuel tidsplan, hvor personen kan se, hvad der skal ske i l\u00f8bet af dagen.<\/p>\n<p>2. Kommunikation og social interaktion<br \/>\nMange personer med autisme har udfordringer med at kommunikere og forst\u00e5 sociale cues. Det er vigtigt at v\u00e6re t\u00e5lmodig og bruge en klar og enkel kommunikation. Det kan ogs\u00e5 v\u00e6re en god id\u00e9 at bruge visuelle hj\u00e6lpemidler som billeder eller tegn for at underst\u00f8<\/p>\n<\/div>\n<\/div>\n","protected":false},"excerpt":{"rendered":"<p>Hvad er autisme og hvilke tegn skal man v\u00e6re opm\u00e6rksom p\u00e5? Autisme er en neurologisk udviklingsforstyrrelse, der p\u00e5virker en persons evne til at kommunikere, socialisere&#8230;<\/p>\n","protected":false},"author":1,"featured_media":2991,"comment_status":"closed","ping_status":"open","sticky":false,"template":"","format":"standard","meta":{"inline_featured_image":false},"categories":[849],"tags":[],"yoast_head":"<!-- This site is optimized with the Yoast SEO plugin v18.1 - https:\/\/yoast.com\/wordpress\/plugins\/seo\/ -->\n<title>Tegn p\u00e5 autisme - Test Sindet<\/title>\n<meta name=\"robots\" content=\"index, follow, max-snippet:-1, max-image-preview:large, max-video-preview:-1\" \/>\n<link rel=\"canonical\" href=\"https:\/\/www.test-sindet.org\/blog\/autisme\/tegn-paa-autisme\/\" \/>\n<meta property=\"og:locale\" content=\"da_DK\" \/>\n<meta property=\"og:type\" content=\"article\" \/>\n<meta property=\"og:title\" content=\"Tegn p\u00e5 autisme - Test Sindet\" \/>\n<meta property=\"og:description\" content=\"Hvad er autisme og hvilke tegn skal man v\u00e6re opm\u00e6rksom p\u00e5? Autisme er en neurologisk udviklingsforstyrrelse, der p\u00e5virker en persons evne til at kommunikere, socialisere...\" \/>\n<meta property=\"og:url\" content=\"https:\/\/www.test-sindet.org\/blog\/autisme\/tegn-paa-autisme\/\" \/>\n<meta property=\"og:site_name\" content=\"Test Sindet\" \/>\n<meta property=\"article:published_time\" content=\"2025-01-28T18:10:26+00:00\" \/>\n<meta property=\"article:modified_time\" content=\"2025-01-29T10:38:05+00:00\" \/>\n<meta property=\"og:image\" content=\"https:\/\/www.test-sindet.org\/blog\/wp-content\/uploads\/2025\/01\/image.png\" \/>\n\t<meta property=\"og:image:width\" content=\"256\" \/>\n\t<meta property=\"og:image:height\" content=\"256\" \/>\n\t<meta property=\"og:image:type\" content=\"image\/png\" \/>\n<meta name=\"twitter:card\" content=\"summary_large_image\" \/>\n<meta name=\"twitter:label1\" content=\"Skrevet af\" \/>\n\t<meta name=\"twitter:data1\" content=\"Test Sindet\" \/>\n\t<meta name=\"twitter:label2\" content=\"Estimeret l\u00e6setid\" \/>\n\t<meta name=\"twitter:data2\" content=\"5 minutter\" \/>\n<script type=\"application\/ld+json\" class=\"yoast-schema-graph\">{\"@context\":\"https:\/\/schema.org\",\"@graph\":[{\"@type\":\"WebSite\",\"@id\":\"https:\/\/www.test-sindet.org\/blog\/#website\",\"url\":\"https:\/\/www.test-sindet.org\/blog\/\",\"name\":\"Test Sindet\",\"description\":\"Blog om forstyrrelser i sindet\",\"potentialAction\":[{\"@type\":\"SearchAction\",\"target\":{\"@type\":\"EntryPoint\",\"urlTemplate\":\"https:\/\/www.test-sindet.org\/blog\/?s={search_term_string}\"},\"query-input\":\"required name=search_term_string\"}],\"inLanguage\":\"da-DK\"},{\"@type\":\"ImageObject\",\"@id\":\"https:\/\/www.test-sindet.org\/blog\/autisme\/tegn-paa-autisme\/#primaryimage\",\"inLanguage\":\"da-DK\",\"url\":\"https:\/\/www.test-sindet.org\/blog\/wp-content\/uploads\/2025\/01\/image.png\",\"contentUrl\":\"https:\/\/www.test-sindet.org\/blog\/wp-content\/uploads\/2025\/01\/image.png\",\"width\":256,\"height\":256},{\"@type\":\"WebPage\",\"@id\":\"https:\/\/www.test-sindet.org\/blog\/autisme\/tegn-paa-autisme\/#webpage\",\"url\":\"https:\/\/www.test-sindet.org\/blog\/autisme\/tegn-paa-autisme\/\",\"name\":\"Tegn p\u00e5 autisme - Test Sindet\",\"isPartOf\":{\"@id\":\"https:\/\/www.test-sindet.org\/blog\/#website\"},\"primaryImageOfPage\":{\"@id\":\"https:\/\/www.test-sindet.org\/blog\/autisme\/tegn-paa-autisme\/#primaryimage\"},\"datePublished\":\"2025-01-28T18:10:26+00:00\",\"dateModified\":\"2025-01-29T10:38:05+00:00\",\"author\":{\"@id\":\"https:\/\/www.test-sindet.org\/blog\/#\/schema\/person\/8eb1bcaf59fea75c780c11946f4e3490\"},\"breadcrumb\":{\"@id\":\"https:\/\/www.test-sindet.org\/blog\/autisme\/tegn-paa-autisme\/#breadcrumb\"},\"inLanguage\":\"da-DK\",\"potentialAction\":[{\"@type\":\"ReadAction\",\"target\":[\"https:\/\/www.test-sindet.org\/blog\/autisme\/tegn-paa-autisme\/\"]}]},{\"@type\":\"BreadcrumbList\",\"@id\":\"https:\/\/www.test-sindet.org\/blog\/autisme\/tegn-paa-autisme\/#breadcrumb\",\"itemListElement\":[{\"@type\":\"ListItem\",\"position\":1,\"name\":\"Home\",\"item\":\"https:\/\/www.test-sindet.org\/blog\/\"},{\"@type\":\"ListItem\",\"position\":2,\"name\":\"Tegn p\u00e5 autisme\"}]},{\"@type\":\"Person\",\"@id\":\"https:\/\/www.test-sindet.org\/blog\/#\/schema\/person\/8eb1bcaf59fea75c780c11946f4e3490\",\"name\":\"Test Sindet\",\"image\":{\"@type\":\"ImageObject\",\"@id\":\"https:\/\/www.test-sindet.org\/blog\/#personlogo\",\"inLanguage\":\"da-DK\",\"url\":\"https:\/\/secure.gravatar.com\/avatar\/6743211f010801ea26aa9423a2daab37?s=96&d=mm&r=g\",\"contentUrl\":\"https:\/\/secure.gravatar.com\/avatar\/6743211f010801ea26aa9423a2daab37?s=96&d=mm&r=g\",\"caption\":\"Test Sindet\"},\"sameAs\":[\"https:\/\/www.test-sindet.org\/blog\"],\"url\":\"https:\/\/www.test-sindet.org\/blog\/author\/diagnostyka-umyslu\/\"}]}<\/script>\n<!-- \/ Yoast SEO plugin. -->","yoast_head_json":{"title":"Tegn p\u00e5 autisme - Test Sindet","robots":{"index":"index","follow":"follow","max-snippet":"max-snippet:-1","max-image-preview":"max-image-preview:large","max-video-preview":"max-video-preview:-1"},"canonical":"https:\/\/www.test-sindet.org\/blog\/autisme\/tegn-paa-autisme\/","og_locale":"da_DK","og_type":"article","og_title":"Tegn p\u00e5 autisme - Test Sindet","og_description":"Hvad er autisme og hvilke tegn skal man v\u00e6re opm\u00e6rksom p\u00e5? Autisme er en neurologisk udviklingsforstyrrelse, der p\u00e5virker en persons evne til at kommunikere, socialisere...","og_url":"https:\/\/www.test-sindet.org\/blog\/autisme\/tegn-paa-autisme\/","og_site_name":"Test Sindet","article_published_time":"2025-01-28T18:10:26+00:00","article_modified_time":"2025-01-29T10:38:05+00:00","og_image":[{"width":256,"height":256,"url":"https:\/\/www.test-sindet.org\/blog\/wp-content\/uploads\/2025\/01\/image.png","type":"image\/png"}],"twitter_card":"summary_large_image","twitter_misc":{"Skrevet af":"Test Sindet","Estimeret l\u00e6setid":"5 minutter"},"schema":{"@context":"https:\/\/schema.org","@graph":[{"@type":"WebSite","@id":"https:\/\/www.test-sindet.org\/blog\/#website","url":"https:\/\/www.test-sindet.org\/blog\/","name":"Test Sindet","description":"Blog om forstyrrelser i sindet","potentialAction":[{"@type":"SearchAction","target":{"@type":"EntryPoint","urlTemplate":"https:\/\/www.test-sindet.org\/blog\/?s={search_term_string}"},"query-input":"required name=search_term_string"}],"inLanguage":"da-DK"},{"@type":"ImageObject","@id":"https:\/\/www.test-sindet.org\/blog\/autisme\/tegn-paa-autisme\/#primaryimage","inLanguage":"da-DK","url":"https:\/\/www.test-sindet.org\/blog\/wp-content\/uploads\/2025\/01\/image.png","contentUrl":"https:\/\/www.test-sindet.org\/blog\/wp-content\/uploads\/2025\/01\/image.png","width":256,"height":256},{"@type":"WebPage","@id":"https:\/\/www.test-sindet.org\/blog\/autisme\/tegn-paa-autisme\/#webpage","url":"https:\/\/www.test-sindet.org\/blog\/autisme\/tegn-paa-autisme\/","name":"Tegn p\u00e5 autisme - Test Sindet","isPartOf":{"@id":"https:\/\/www.test-sindet.org\/blog\/#website"},"primaryImageOfPage":{"@id":"https:\/\/www.test-sindet.org\/blog\/autisme\/tegn-paa-autisme\/#primaryimage"},"datePublished":"2025-01-28T18:10:26+00:00","dateModified":"2025-01-29T10:38:05+00:00","author":{"@id":"https:\/\/www.test-sindet.org\/blog\/#\/schema\/person\/8eb1bcaf59fea75c780c11946f4e3490"},"breadcrumb":{"@id":"https:\/\/www.test-sindet.org\/blog\/autisme\/tegn-paa-autisme\/#breadcrumb"},"inLanguage":"da-DK","potentialAction":[{"@type":"ReadAction","target":["https:\/\/www.test-sindet.org\/blog\/autisme\/tegn-paa-autisme\/"]}]},{"@type":"BreadcrumbList","@id":"https:\/\/www.test-sindet.org\/blog\/autisme\/tegn-paa-autisme\/#breadcrumb","itemListElement":[{"@type":"ListItem","position":1,"name":"Home","item":"https:\/\/www.test-sindet.org\/blog\/"},{"@type":"ListItem","position":2,"name":"Tegn p\u00e5 autisme"}]},{"@type":"Person","@id":"https:\/\/www.test-sindet.org\/blog\/#\/schema\/person\/8eb1bcaf59fea75c780c11946f4e3490","name":"Test Sindet","image":{"@type":"ImageObject","@id":"https:\/\/www.test-sindet.org\/blog\/#personlogo","inLanguage":"da-DK","url":"https:\/\/secure.gravatar.com\/avatar\/6743211f010801ea26aa9423a2daab37?s=96&d=mm&r=g","contentUrl":"https:\/\/secure.gravatar.com\/avatar\/6743211f010801ea26aa9423a2daab37?s=96&d=mm&r=g","caption":"Test Sindet"},"sameAs":["https:\/\/www.test-sindet.org\/blog"],"url":"https:\/\/www.test-sindet.org\/blog\/author\/diagnostyka-umyslu\/"}]}},"amp_enabled":true,"_links":{"self":[{"href":"https:\/\/www.test-sindet.org\/blog\/wp-json\/wp\/v2\/posts\/2978"}],"collection":[{"href":"https:\/\/www.test-sindet.org\/blog\/wp-json\/wp\/v2\/posts"}],"about":[{"href":"https:\/\/www.test-sindet.org\/blog\/wp-json\/wp\/v2\/types\/post"}],"author":[{"embeddable":true,"href":"https:\/\/www.test-sindet.org\/blog\/wp-json\/wp\/v2\/users\/1"}],"replies":[{"embeddable":true,"href":"https:\/\/www.test-sindet.org\/blog\/wp-json\/wp\/v2\/comments?post=2978"}],"version-history":[{"count":1,"href":"https:\/\/www.test-sindet.org\/blog\/wp-json\/wp\/v2\/posts\/2978\/revisions"}],"predecessor-version":[{"id":2994,"href":"https:\/\/www.test-sindet.org\/blog\/wp-json\/wp\/v2\/posts\/2978\/revisions\/2994"}],"wp:featuredmedia":[{"embeddable":true,"href":"https:\/\/www.test-sindet.org\/blog\/wp-json\/wp\/v2\/media\/2991"}],"wp:attachment":[{"href":"https:\/\/www.test-sindet.org\/blog\/wp-json\/wp\/v2\/media?parent=2978"}],"wp:term":[{"taxonomy":"category","embeddable":true,"href":"https:\/\/www.test-sindet.org\/blog\/wp-json\/wp\/v2\/categories?post=2978"},{"taxonomy":"post_tag","embeddable":true,"href":"https:\/\/www.test-sindet.org\/blog\/wp-json\/wp\/v2\/tags?post=2978"}],"curies":[{"name":"wp","href":"https:\/\/api.w.org\/{rel}","templated":true}]}}